{"id":51560,"date":"2025-10-22T12:37:35","date_gmt":"2025-10-22T12:37:35","guid":{"rendered":"https:\/\/cedt.hu\/?p=51560"},"modified":"2025-10-22T12:44:26","modified_gmt":"2025-10-22T12:44:26","slug":"probatanc-2025","status":"publish","type":"post","link":"https:\/\/cedt.hu\/en\/probatanc-2025\/","title":{"rendered":"PROMOTION!"},"content":{"rendered":"<div data-elementor-type=\"wp-post\" data-elementor-id=\"51560\" class=\"elementor elementor-51560\" data-elementor-post-type=\"post\">\n\t\t\t\t\t\t<section class=\"elementor-section elementor-top-section elementor-element elementor-element-6ffe039 elementor-section-boxed elementor-section-height-default elementor-section-height-default\" data-id=\"6ffe039\" data-element_type=\"section\" data-e-type=\"section\">\n\t\t\t\t\t\t<div class=\"elementor-container elementor-column-gap-default\">\n\t\t\t\t\t<div class=\"elementor-column elementor-col-100 elementor-top-column elementor-element elementor-element-5705c9e\" data-id=\"5705c9e\" data-element_type=\"column\" data-e-type=\"column\">\n\t\t\t<div class=\"elementor-widget-wrap elementor-element-populated\">\n\t\t\t\t\t\t<div class=\"elementor-element elementor-element-d2be73f elementor-widget elementor-widget-text-editor\" data-id=\"d2be73f\" data-element_type=\"widget\" data-e-type=\"widget\" data-widget_type=\"text-editor.default\">\n\t\t\t\t<div class=\"elementor-widget-container\">\n\t\t\t\t\t\t\t\t\t<p align=\"justify\"><span style=\"font-family: Times New Roman, serif;\"><span style=\"font-size: medium;\"><span style=\"font-family: Arial Nova Cond, sans-serif;\">A <\/span><span style=\"font-family: Arial Nova Cond, sans-serif;\"><i>Central Europe Dance Theatre<\/i><\/span> <span style=\"font-family: Arial Nova Cond, sans-serif;\"><i>and M\u00e1t\u00e9 M\u00e9sz\u00e1ros<\/i><\/span><span style=\"font-family: Arial Nova Cond, sans-serif;\"> invites you to a rehearsal dance. The event, a 2 day intensive course, is an audition, after which the Dance Theatre will offer the successful dancers a company contract from January 2026 to June 2027.\u00a0<\/span><\/span><\/span><\/p><p><span style=\"font-family: Times New Roman, serif;\"><span style=\"font-size: medium;\"><span style=\"font-family: Arial Nova Cond, sans-serif;\">Application criteria:<\/span><\/span><\/span><\/p><ul><li><span style=\"font-family: Times New Roman, serif;\"><span style=\"font-size: medium;\"><span style=\"font-family: Arial Nova Cond, sans-serif;\">proficiency in modern, contemporary dance<\/span><\/span><\/span><\/li><li><span style=\"font-family: Times New Roman, serif;\"><span style=\"font-size: medium;\"><span style=\"font-family: Arial Nova Cond, sans-serif;\">community and team-oriented approach<\/span><\/span><\/span><\/li><\/ul><p><span style=\"font-family: Times New Roman, serif;\"><span style=\"font-size: medium;\"><span style=\"font-family: Arial Nova Cond, sans-serif;\"><br \/>An advantage:<\/span><\/span><\/span><\/p><ul><li><span style=\"font-family: Times New Roman, serif;\"><span style=\"font-size: medium;\"><span style=\"font-family: Arial Nova Cond, sans-serif;\">knowledge of folk dance<\/span><\/span><\/span><\/li><li><span style=\"font-family: Times New Roman, serif;\"><span style=\"font-size: medium;\"><span style=\"font-family: Arial Nova Cond, sans-serif;\">stage experience<\/span><\/span><\/span><\/li><\/ul><p><span style=\"font-family: Times New Roman, serif;\"><span style=\"font-size: medium;\"><span style=\"font-family: Arial Nova Cond, sans-serif;\"><br \/>Date and location:\u00a0<\/span><span style=\"font-family: Arial Nova Cond, sans-serif;\">\u00a0<\/span><\/span><\/span><\/p><ul><li><p><span style=\"font-family: Times New Roman, serif;\"><span style=\"font-size: medium;\"><span style=\"font-family: Arial Nova Cond, sans-serif;\">29-30 November 2025, 10 am (expected finish: 16 pm) <br \/>S\u00cdN Art Centre, Budapest, XIII. district. Gyutacs u. 10.<\/span><\/span><\/span><\/p><\/li><\/ul><p><span style=\"font-family: Times New Roman, serif;\"><span style=\"font-size: medium;\"><span style=\"font-family: Arial Nova Cond, sans-serif;\">The M\u00e1t\u00e9 M\u00e9sz\u00e1ros course:<\/span><span style=\"font-family: Arial Nova Cond, sans-serif;\">\u00a0<\/span><\/span><\/span><\/p><ul><li><span style=\"font-family: Times New Roman, serif;\"><span style=\"font-size: medium;\"><span style=\"font-family: Arial Nova Cond, sans-serif;\">training<\/span><\/span><\/span><\/li><li><span style=\"font-family: Times New Roman, serif;\"><span style=\"font-size: medium;\"><span style=\"font-family: Arial Nova Cond, sans-serif;\">directed improvisation and combination<\/span><\/span><\/span><\/li><\/ul><p><span style=\"font-family: Times New Roman, serif;\"><span style=\"font-size: medium;\"><span style=\"font-family: Arial Nova Cond, sans-serif;\"><br \/>Application criteria:<\/span><\/span><\/span><\/p><ul><li><span style=\"font-family: Times New Roman, serif;\"><span style=\"font-size: medium;\"><span style=\"font-family: Arial Nova Cond, sans-serif;\">a professional CV with a portrait photo, in Europass PDF format, <\/span><\/span><\/span><\/li><li><span style=\"font-family: Times New Roman, serif;\"><span style=\"font-size: medium;\"><span style=\"font-family: Arial Nova Cond, sans-serif;\">the file name contains the<\/span><span style=\"font-family: Arial Nova Cond, sans-serif;\"><i> name of applicant<\/i><\/span><span style=\"font-family: Arial Nova Cond, sans-serif;\">\u00a0<\/span><span style=\"font-family: Arial Nova Cond, sans-serif;\">\u00a0<\/span><\/span><\/span><\/li><li><span style=\"font-family: Times New Roman, serif;\"><span style=\"font-size: medium;\"><span style=\"font-family: Arial Nova Cond, sans-serif;\">video footage(s), the name of the file(s) contains the <\/span><span style=\"font-family: Arial Nova Cond, sans-serif;\"><i>name of applicant<\/i><\/span><\/span><\/span><\/li><\/ul><p><span style=\"font-family: Times New Roman, serif;\"><span style=\"font-size: medium;\"><span style=\"font-family: Arial Nova Cond, sans-serif;\"><br \/>The applications are <\/span><span style=\"font-family: Arial Nova Cond, sans-serif;\"><b>16 November 2025. <\/b><\/span><span style=\"font-family: Arial Nova Cond, sans-serif;\"><i><b>until midnight<\/b><\/i><\/span><span style=\"font-family: Arial Nova Cond, sans-serif;\"><i>,<\/i><\/span><span style=\"font-family: Arial Nova Cond, sans-serif;\"> the subject of the letter <\/span><span style=\"font-family: Arial Nova Cond, sans-serif;\"><i>KET Test Dance 2025. of the candidate's name <\/i><\/span><span style=\"font-family: Arial Nova Cond, sans-serif;\">with the exact indication of the <\/span><span style=\"font-family: Arial Nova Cond, sans-serif;\"><b>info@cedt.hu<\/b><\/span><span style=\"font-family: Arial Nova Cond, sans-serif;\"> at.\u00a0<\/span><span style=\"font-family: Arial Nova Cond, sans-serif;\">\u00a0<\/span><\/span><\/span><\/p><p><span style=\"font-family: Times New Roman, serif;\"><span style=\"font-size: medium;\"><span style=\"font-family: Arial Nova Cond, sans-serif;\">Participation in the rehearsal is by invitation only, invited<\/span><b> <\/b><\/span><\/span><\/p><p><span style=\"font-family: Times New Roman, serif;\"><span style=\"font-size: medium;\"><span style=\"font-family: Arial Nova Cond, sans-serif;\"><b>21 November 2025. <\/b><\/span><span style=\"font-family: Arial Nova Cond, sans-serif;\"><i><b>until midnight<\/b><\/i><\/span><b> <\/b><span style=\"font-family: Arial Nova Cond, sans-serif;\">get feedback!<\/span><\/span><\/span><\/p><p><span style=\"font-family: Times New Roman, serif;\"><span style=\"font-size: medium;\"><span style=\"font-family: Arial Nova Cond, sans-serif;\">Those who are accepted will take part in the following presentations:<\/span><\/span><\/span><\/p><ul><li><span style=\"font-family: Times New Roman, serif;\"><span style=\"font-size: medium;\"><span style=\"font-family: Arial Nova Cond, sans-serif;\"><b>DanceEUA<\/b><\/span><span style=\"font-family: Arial Nova Cond, sans-serif;\"> Choreo Sync - Swedish, Croatian, Romanian, Ukrainian, Hungarian choreographers<\/span><\/span><\/span><\/li><li><span style=\"font-family: Times New Roman, serif;\"><span style=\"font-size: medium;\"><span style=\"font-family: Arial Nova Cond, sans-serif;\"><b>Maciej Kuzminski<\/b><\/span><span style=\"font-family: Arial Nova Cond, sans-serif;\"> Four Seassons<\/span><\/span><\/span><\/li><li><span style=\"font-family: Times New Roman, serif;\"><span style=\"font-size: medium;\"><span style=\"font-family: Arial Nova Cond, sans-serif;\"><b>No\u00e9mi Kulcs\u00e1r<\/b><\/span><span style=\"font-family: Arial Nova Cond, sans-serif;\"> Baby Carrot<\/span><\/span><\/span><\/li><li><span style=\"font-family: Times New Roman, serif;\"><span style=\"font-size: medium;\"><span style=\"font-family: Arial Nova Cond, sans-serif;\"><b>Rita G\u00f3bi<\/b><\/span><span style=\"font-family: Arial Nova Cond, sans-serif;\"> presentation of<\/span><\/span><\/span><\/li><li><span style=\"font-family: Times New Roman, serif;\"><span style=\"font-size: medium;\"><span style=\"font-family: Arial Nova Cond, sans-serif;\"><b>M\u00e1t\u00e9 M\u00e9sz\u00e1ros<\/b><\/span><span style=\"font-family: Arial Nova Cond, sans-serif;\"> presentation of<\/span><\/span><\/span><\/li><\/ul>\t\t\t\t\t\t\t\t<\/div>\n\t\t\t\t<\/div>\n\t\t\t\t\t<\/div>\n\t\t<\/div>\n\t\t\t\t\t<\/div>\n\t\t<\/section>\n\t\t\t\t<\/div>","protected":false},"excerpt":{"rendered":"<p>A K\u00f6z\u00e9p-Eur\u00f3pa T\u00e1ncsz\u00ednh\u00e1z \u00e9s M\u00e9sz\u00e1ros M\u00e1t\u00e9 megh\u00edv\u00e1sos pr\u00f3bat\u00e1ncot hirdet. Az esem\u00e9ny, egy 2 napos intenz\u00edv kurzussal egybek\u00f6t\u00f6tt felv\u00e9teli, ami ut\u00e1n a felv\u00e9telt nyert t\u00e1ncosoknak a T\u00e1ncsz\u00ednh\u00e1z 2026 janu\u00e1rt\u00f3l, 2027 j\u00faniusig tart\u00f3 t\u00e1rsulati szerz\u0151d\u00e9st k\u00edn\u00e1l.\u00a0 A jelentkez\u00e9s felt\u00e9telei: modern, kort\u00e1rs t\u00e1ncban val\u00f3 j\u00e1rtass\u00e1g k\u00f6z\u00f6ss\u00e9g \u00e9s csapat orient\u00e1lt szeml\u00e9let El\u0151nyt jelent: n\u00e9pt\u00e1nc ismerete sz\u00ednpadi tapasztalat Id\u0151pont \u00e9s [&hellip;]<\/p>\n","protected":false},"author":6,"featured_media":0,"comment_status":"closed","ping_status":"open","sticky":false,"template":"","format":"standard","meta":{"footnotes":""},"categories":[68],"tags":[],"class_list":["post-51560","post","type-post","status-publish","format-standard","hentry","category-hirek"],"_links":{"self":[{"href":"https:\/\/cedt.hu\/en\/wp-json\/wp\/v2\/posts\/51560","targetHints":{"allow":["GET"]}}],"collection":[{"href":"https:\/\/cedt.hu\/en\/wp-json\/wp\/v2\/posts"}],"about":[{"href":"https:\/\/cedt.hu\/en\/wp-json\/wp\/v2\/types\/post"}],"author":[{"embeddable":true,"href":"https:\/\/cedt.hu\/en\/wp-json\/wp\/v2\/users\/6"}],"replies":[{"embeddable":true,"href":"https:\/\/cedt.hu\/en\/wp-json\/wp\/v2\/comments?post=51560"}],"version-history":[{"count":0,"href":"https:\/\/cedt.hu\/en\/wp-json\/wp\/v2\/posts\/51560\/revisions"}],"wp:attachment":[{"href":"https:\/\/cedt.hu\/en\/wp-json\/wp\/v2\/media?parent=51560"}],"wp:term":[{"taxonomy":"category","embeddable":true,"href":"https:\/\/cedt.hu\/en\/wp-json\/wp\/v2\/categories?post=51560"},{"taxonomy":"post_tag","embeddable":true,"href":"https:\/\/cedt.hu\/en\/wp-json\/wp\/v2\/tags?post=51560"}],"curies":[{"name":"wp","href":"https:\/\/api.w.org\/{rel}","templated":true}]}}