{"id":51560,"date":"2025-10-22T12:37:35","date_gmt":"2025-10-22T12:37:35","guid":{"rendered":"https:\/\/cedt.hu\/?p=51560"},"modified":"2025-10-22T12:44:26","modified_gmt":"2025-10-22T12:44:26","slug":"probatanc-2025","status":"publish","type":"post","link":"https:\/\/cedt.hu\/de\/probatanc-2025\/","title":{"rendered":"PROMOTION!"},"content":{"rendered":"<div data-elementor-type=\"wp-post\" data-elementor-id=\"51560\" class=\"elementor elementor-51560\" data-elementor-post-type=\"post\">\n\t\t\t\t\t\t<section class=\"elementor-section elementor-top-section elementor-element elementor-element-6ffe039 elementor-section-boxed elementor-section-height-default elementor-section-height-default\" data-id=\"6ffe039\" data-element_type=\"section\" data-e-type=\"section\">\n\t\t\t\t\t\t<div class=\"elementor-container elementor-column-gap-default\">\n\t\t\t\t\t<div class=\"elementor-column elementor-col-100 elementor-top-column elementor-element elementor-element-5705c9e\" data-id=\"5705c9e\" data-element_type=\"column\" data-e-type=\"column\">\n\t\t\t<div class=\"elementor-widget-wrap elementor-element-populated\">\n\t\t\t\t\t\t<div class=\"elementor-element elementor-element-d2be73f elementor-widget elementor-widget-text-editor\" data-id=\"d2be73f\" data-element_type=\"widget\" data-e-type=\"widget\" data-widget_type=\"text-editor.default\">\n\t\t\t\t<div class=\"elementor-widget-container\">\n\t\t\t\t\t\t\t\t\t<p align=\"justify\"><span style=\"font-family: Times New Roman, serif;\"><span style=\"font-size: medium;\"><span style=\"font-family: Arial Nova Cond, sans-serif;\">A <\/span><span style=\"font-family: Arial Nova Cond, sans-serif;\"><i>Tanztheater Mitteleuropa<\/i><\/span> <span style=\"font-family: Arial Nova Cond, sans-serif;\"><i>und M\u00e1t\u00e9 M\u00e9sz\u00e1ros<\/i><\/span><span style=\"font-family: Arial Nova Cond, sans-serif;\"> l\u00e4dt Sie zu einem Probetanz ein. Die Veranstaltung, ein zweit\u00e4giger Intensivkurs, ist ein Vortanzen, nach dem das Tanztheater den erfolgreichen T\u00e4nzern einen Kompanievertrag von Januar 2026 bis Juni 2027 anbieten wird.\u00a0<\/span><\/span><\/span><\/p><p><span style=\"font-family: Times New Roman, serif;\"><span style=\"font-size: medium;\"><span style=\"font-family: Arial Nova Cond, sans-serif;\">Bewerbungskriterien:<\/span><\/span><\/span><\/p><ul><li><span style=\"font-family: Times New Roman, serif;\"><span style=\"font-size: medium;\"><span style=\"font-family: Arial Nova Cond, sans-serif;\">Beherrschung des modernen, zeitgen\u00f6ssischen Tanzes<\/span><\/span><\/span><\/li><li><span style=\"font-family: Times New Roman, serif;\"><span style=\"font-size: medium;\"><span style=\"font-family: Arial Nova Cond, sans-serif;\">gemeinschafts- und teamorientierter Ansatz<\/span><\/span><\/span><\/li><\/ul><p><span style=\"font-family: Times New Roman, serif;\"><span style=\"font-size: medium;\"><span style=\"font-family: Arial Nova Cond, sans-serif;\"><br \/>Ein Vorteil:<\/span><\/span><\/span><\/p><ul><li><span style=\"font-family: Times New Roman, serif;\"><span style=\"font-size: medium;\"><span style=\"font-family: Arial Nova Cond, sans-serif;\">Kenntnisse des Volkstanzes<\/span><\/span><\/span><\/li><li><span style=\"font-family: Times New Roman, serif;\"><span style=\"font-size: medium;\"><span style=\"font-family: Arial Nova Cond, sans-serif;\">B\u00fchnenerfahrung<\/span><\/span><\/span><\/li><\/ul><p><span style=\"font-family: Times New Roman, serif;\"><span style=\"font-size: medium;\"><span style=\"font-family: Arial Nova Cond, sans-serif;\"><br \/>Datum und Ort:\u00a0<\/span><span style=\"font-family: Arial Nova Cond, sans-serif;\">\u00a0<\/span><\/span><\/span><\/p><ul><li><p><span style=\"font-family: Times New Roman, serif;\"><span style=\"font-size: medium;\"><span style=\"font-family: Arial Nova Cond, sans-serif;\">29-30 November 2025, 10 Uhr (voraussichtliches Ende: 16 Uhr) <br \/>S\u00cdN Kunstzentrum, Budapest, XIII. Bezirk. Gyutacs u. 10.<\/span><\/span><\/span><\/p><\/li><\/ul><p><span style=\"font-family: Times New Roman, serif;\"><span style=\"font-size: medium;\"><span style=\"font-family: Arial Nova Cond, sans-serif;\">Der Kurs von M\u00e1t\u00e9 M\u00e9sz\u00e1ros:<\/span><span style=\"font-family: Arial Nova Cond, sans-serif;\">\u00a0<\/span><\/span><\/span><\/p><ul><li><span style=\"font-family: Times New Roman, serif;\"><span style=\"font-size: medium;\"><span style=\"font-family: Arial Nova Cond, sans-serif;\">Ausbildung<\/span><\/span><\/span><\/li><li><span style=\"font-family: Times New Roman, serif;\"><span style=\"font-size: medium;\"><span style=\"font-family: Arial Nova Cond, sans-serif;\">Gezielte Improvisation und Kombination<\/span><\/span><\/span><\/li><\/ul><p><span style=\"font-family: Times New Roman, serif;\"><span style=\"font-size: medium;\"><span style=\"font-family: Arial Nova Cond, sans-serif;\"><br \/>Bewerbungskriterien:<\/span><\/span><\/span><\/p><ul><li><span style=\"font-family: Times New Roman, serif;\"><span style=\"font-size: medium;\"><span style=\"font-family: Arial Nova Cond, sans-serif;\">einen professionellen Lebenslauf mit einem Portr\u00e4tfoto im Europass-PDF-Format, <\/span><\/span><\/span><\/li><li><span style=\"font-family: Times New Roman, serif;\"><span style=\"font-size: medium;\"><span style=\"font-family: Arial Nova Cond, sans-serif;\">der Dateiname enth\u00e4lt die<\/span><span style=\"font-family: Arial Nova Cond, sans-serif;\"><i> Name des Antragstellers<\/i><\/span><span style=\"font-family: Arial Nova Cond, sans-serif;\">\u00a0<\/span><span style=\"font-family: Arial Nova Cond, sans-serif;\">\u00a0<\/span><\/span><\/span><\/li><li><span style=\"font-family: Times New Roman, serif;\"><span style=\"font-size: medium;\"><span style=\"font-family: Arial Nova Cond, sans-serif;\">Videomaterial, der Name der Datei(en) enth\u00e4lt die <\/span><span style=\"font-family: Arial Nova Cond, sans-serif;\"><i>Name des Antragstellers<\/i><\/span><\/span><\/span><\/li><\/ul><p><span style=\"font-family: Times New Roman, serif;\"><span style=\"font-size: medium;\"><span style=\"font-family: Arial Nova Cond, sans-serif;\"><br \/>Die Anwendungen sind <\/span><span style=\"font-family: Arial Nova Cond, sans-serif;\"><b>16. November 2025. <\/b><\/span><span style=\"font-family: Arial Nova Cond, sans-serif;\"><i><b>bis Mitternacht<\/b><\/i><\/span><span style=\"font-family: Arial Nova Cond, sans-serif;\"><i>,<\/i><\/span><span style=\"font-family: Arial Nova Cond, sans-serif;\"> den Gegenstand des Schreibens <\/span><span style=\"font-family: Arial Nova Cond, sans-serif;\"><i>KET Test Dance 2025. des Namens des Bewerbers <\/i><\/span><span style=\"font-family: Arial Nova Cond, sans-serif;\">mit der genauen Angabe der <\/span><span style=\"font-family: Arial Nova Cond, sans-serif;\"><b>info@cedt.hu<\/b><\/span><span style=\"font-family: Arial Nova Cond, sans-serif;\"> am.\u00a0<\/span><span style=\"font-family: Arial Nova Cond, sans-serif;\">\u00a0<\/span><\/span><\/span><\/p><p><span style=\"font-family: Times New Roman, serif;\"><span style=\"font-size: medium;\"><span style=\"font-family: Arial Nova Cond, sans-serif;\">Die Teilnahme an der Probe ist nur auf Einladung m\u00f6glich, eingeladen werden<\/span><b> <\/b><\/span><\/span><\/p><p><span style=\"font-family: Times New Roman, serif;\"><span style=\"font-size: medium;\"><span style=\"font-family: Arial Nova Cond, sans-serif;\"><b>21. November 2025. <\/b><\/span><span style=\"font-family: Arial Nova Cond, sans-serif;\"><i><b>bis Mitternacht<\/b><\/i><\/span><b> <\/b><span style=\"font-family: Arial Nova Cond, sans-serif;\">Feedback einholen!<\/span><\/span><\/span><\/p><p><span style=\"font-family: Times New Roman, serif;\"><span style=\"font-size: medium;\"><span style=\"font-family: Arial Nova Cond, sans-serif;\">Diejenigen, die angenommen werden, nehmen an den folgenden Pr\u00e4sentationen teil:<\/span><\/span><\/span><\/p><ul><li><span style=\"font-family: Times New Roman, serif;\"><span style=\"font-size: medium;\"><span style=\"font-family: Arial Nova Cond, sans-serif;\"><b>TanzEUA<\/b><\/span><span style=\"font-family: Arial Nova Cond, sans-serif;\"> Choreo Sync - Schwedische, kroatische, rum\u00e4nische, ukrainische und ungarische Choreographen<\/span><\/span><\/span><\/li><li><span style=\"font-family: Times New Roman, serif;\"><span style=\"font-size: medium;\"><span style=\"font-family: Arial Nova Cond, sans-serif;\"><b>Maciej Kuzminski<\/b><\/span><span style=\"font-family: Arial Nova Cond, sans-serif;\"> Vier Seassons<\/span><\/span><\/span><\/li><li><span style=\"font-family: Times New Roman, serif;\"><span style=\"font-size: medium;\"><span style=\"font-family: Arial Nova Cond, sans-serif;\"><b>No\u00e9mi Kulcs\u00e1r<\/b><\/span><span style=\"font-family: Arial Nova Cond, sans-serif;\"> Baby-Karotte<\/span><\/span><\/span><\/li><li><span style=\"font-family: Times New Roman, serif;\"><span style=\"font-size: medium;\"><span style=\"font-family: Arial Nova Cond, sans-serif;\"><b>Rita G\u00f3bi<\/b><\/span><span style=\"font-family: Arial Nova Cond, sans-serif;\"> Pr\u00e4sentation<\/span><\/span><\/span><\/li><li><span style=\"font-family: Times New Roman, serif;\"><span style=\"font-size: medium;\"><span style=\"font-family: Arial Nova Cond, sans-serif;\"><b>M\u00e1t\u00e9 M\u00e9sz\u00e1ros<\/b><\/span><span style=\"font-family: Arial Nova Cond, sans-serif;\"> Pr\u00e4sentation<\/span><\/span><\/span><\/li><\/ul>\t\t\t\t\t\t\t\t<\/div>\n\t\t\t\t<\/div>\n\t\t\t\t\t<\/div>\n\t\t<\/div>\n\t\t\t\t\t<\/div>\n\t\t<\/section>\n\t\t\t\t<\/div>","protected":false},"excerpt":{"rendered":"<p>A K\u00f6z\u00e9p-Eur\u00f3pa T\u00e1ncsz\u00ednh\u00e1z \u00e9s M\u00e9sz\u00e1ros M\u00e1t\u00e9 megh\u00edv\u00e1sos pr\u00f3bat\u00e1ncot hirdet. Az esem\u00e9ny, egy 2 napos intenz\u00edv kurzussal egybek\u00f6t\u00f6tt felv\u00e9teli, ami ut\u00e1n a felv\u00e9telt nyert t\u00e1ncosoknak a T\u00e1ncsz\u00ednh\u00e1z 2026 janu\u00e1rt\u00f3l, 2027 j\u00faniusig tart\u00f3 t\u00e1rsulati szerz\u0151d\u00e9st k\u00edn\u00e1l.\u00a0 A jelentkez\u00e9s felt\u00e9telei: modern, kort\u00e1rs t\u00e1ncban val\u00f3 j\u00e1rtass\u00e1g k\u00f6z\u00f6ss\u00e9g \u00e9s csapat orient\u00e1lt szeml\u00e9let El\u0151nyt jelent: n\u00e9pt\u00e1nc ismerete sz\u00ednpadi tapasztalat Id\u0151pont \u00e9s [&hellip;]<\/p>\n","protected":false},"author":6,"featured_media":0,"comment_status":"closed","ping_status":"open","sticky":false,"template":"","format":"standard","meta":{"footnotes":""},"categories":[68],"tags":[],"class_list":["post-51560","post","type-post","status-publish","format-standard","hentry","category-hirek"],"_links":{"self":[{"href":"https:\/\/cedt.hu\/de\/wp-json\/wp\/v2\/posts\/51560","targetHints":{"allow":["GET"]}}],"collection":[{"href":"https:\/\/cedt.hu\/de\/wp-json\/wp\/v2\/posts"}],"about":[{"href":"https:\/\/cedt.hu\/de\/wp-json\/wp\/v2\/types\/post"}],"author":[{"embeddable":true,"href":"https:\/\/cedt.hu\/de\/wp-json\/wp\/v2\/users\/6"}],"replies":[{"embeddable":true,"href":"https:\/\/cedt.hu\/de\/wp-json\/wp\/v2\/comments?post=51560"}],"version-history":[{"count":0,"href":"https:\/\/cedt.hu\/de\/wp-json\/wp\/v2\/posts\/51560\/revisions"}],"wp:attachment":[{"href":"https:\/\/cedt.hu\/de\/wp-json\/wp\/v2\/media?parent=51560"}],"wp:term":[{"taxonomy":"category","embeddable":true,"href":"https:\/\/cedt.hu\/de\/wp-json\/wp\/v2\/categories?post=51560"},{"taxonomy":"post_tag","embeddable":true,"href":"https:\/\/cedt.hu\/de\/wp-json\/wp\/v2\/tags?post=51560"}],"curies":[{"name":"wp","href":"https:\/\/api.w.org\/{rel}","templated":true}]}}